{"id":249,"date":"2014-09-27T21:33:45","date_gmt":"2014-09-27T19:33:45","guid":{"rendered":"http:\/\/csillagpor.hu\/remek\/fajlkiterjesztes\/?p=249"},"modified":"2023-01-30T09:46:54","modified_gmt":"2023-01-30T08:46:54","slug":"par","status":"publish","type":"post","link":"https:\/\/csillagpor.hu\/remek\/fajlkiterjesztes\/par","title":{"rendered":"PAR"},"content":{"rendered":"<p><strong>PAR kiterjeszt\u00e9s, *.PAR f\u00e1jl<\/strong><br \/>\nMi a PAR kiterjeszt\u00e9s\u0171 f\u00e1jl, mire haszn\u00e1lhat\u00f3, milyen programmal nyithat\u00f3 meg, milyen szerkeszt\u0151, \u00e1talak\u00edt\u00f3 szoftver l\u00e9tezik a PAR f\u00e1jlhoz?<\/p>\n<ul>\n<li>Jelent\u00e9s, funkci\u00f3: <em>Windows Swap File, Windows 3.x t\u00e1rcsere f\u00e1jl, <a target=\"_blank\" title=\"rendszerf\u00e1jl\" href=\"\/\/csillagpor.hu\/remek\/fajlkiterjesztes\/fajltipus\/rendszerfajl\" rel=\"noopener noreferrer\">rendszerf\u00e1jl<\/a><\/em><\/li>\n<li>Oper\u00e1ci\u00f3s rendszer: <em>Windows<\/em><\/li>\n<li>C\u00e9g, szervezet, alkot\u00f3: <em>Microsoft Corp.<\/em><\/li>\n<li>Azonos\u00edt\u00f3 karakterek: &#8211;<\/li>\n<\/ul>\n<p><img decoding=\"async\" loading=\"lazy\" alt=\"windows 3.1 par\" title=\"windows 3.1 par\" src=\"\/\/cuccokhalomban.csillagpor.hu\/pict\/ms-windows-3.jpg\" width=\"85\" height=\"128\" class=\"flr\" \/>Az <em>PAR<\/em> a <em>Windows 3.x<\/em> t\u00e1rcsere f\u00e1jlj\u00e1nak a kiterjeszt\u00e9se. A modern oper\u00e1ci\u00f3s rendszerek programok futtat\u00e1s\u00e1hoz kieg\u00e9sz\u00edthetik a fizikai mem\u00f3ri\u00e1t virtu\u00e1lis mem\u00f3ri\u00e1val, ez\u00e1ltal megn\u00f6velve a rendelkez\u00e9sre \u00e1ll\u00f3 rendszermem\u00f3ria m\u00e9ret\u00e9t. A .par f\u00e1jl \u00e1ltal\u00e1nosan el\u00e9rhet\u0151 lapoz\u00f3f\u00e1jl, melyet a Windows rendszeren k\u00edv\u00fcl m\u00e1s programok is haszn\u00e1lhatnak.<\/p>\n<p>Ha egy szoftver sz\u00e1m\u00e1ra nem elegend\u0151 a fizikai mem\u00f3ria, akkor felszabad\u00edt abb\u00f3l valamennyit \u00fagy, hogy a merevlemezen tal\u00e1lhat\u00f3 virtu\u00e1lis mem\u00f3ri\u00e1ba \u00edrja egy r\u00e9sz\u00e9t.<\/p>\n<p>A Windows 3.x-ben <em>386part.par<\/em> volt ez a f\u00e1jl.<\/p>\n<p>Kapcsol\u00f3d\u00f3 oldalak: <a target=\"_blank\" title=\"Windows_3.x\" href=\"\/\/hu.wikipedia.org\/wiki\/Windows_3.x\" rel=\"noopener noreferrer\">wiki\/Windows_3.x<\/a>, <a target=\"_blank\" title=\"What-is-virtual-memory\" href=\"\/\/windows.microsoft.com\/hu-HU\/windows7\/What-is-virtual-memory\" rel=\"noopener noreferrer\">Mi a virtu\u00e1lis mem\u00f3ria?<\/a><\/p>\n","protected":false},"excerpt":{"rendered":"<p><a target=\"_blank\" title=\"par\" href=\"\/\/csillagpor.hu\/remek\/fajlkiterjesztes\/par\" rel=\"noopener noreferrer\"><img decoding=\"async\" loading=\"lazy\" alt=\"windows 3.1 par\" title=\"par\" src=\"\/\/cuccokhalomban.csillagpor.hu\/pict\/ms-windows-3.jpg\" width=\"85\" height=\"128\" \/><\/a><br \/>\nAz par a Windows 3.x t\u00e1rcsere f\u00e1jlj\u00e1nak a kiterjeszt\u00e9se. A modern oper\u00e1ci\u00f3s rendszerek programok futtat\u00e1s\u00e1hoz kieg\u00e9sz\u00edthetik a fizikai&#8230;<\/p>\n","protected":false},"author":1,"featured_media":0,"comment_status":"open","ping_status":"closed","sticky":false,"template":"","format":"standard","meta":{"footnotes":""},"categories":[23,4,5],"tags":[],"_links":{"self":[{"href":"https:\/\/csillagpor.hu\/remek\/fajlkiterjesztes\/wp-json\/wp\/v2\/posts\/249"}],"collection":[{"href":"https:\/\/csillagpor.hu\/remek\/fajlkiterjesztes\/wp-json\/wp\/v2\/posts"}],"about":[{"href":"https:\/\/csillagpor.hu\/remek\/fajlkiterjesztes\/wp-json\/wp\/v2\/types\/post"}],"author":[{"embeddable":true,"href":"https:\/\/csillagpor.hu\/remek\/fajlkiterjesztes\/wp-json\/wp\/v2\/users\/1"}],"replies":[{"embeddable":true,"href":"https:\/\/csillagpor.hu\/remek\/fajlkiterjesztes\/wp-json\/wp\/v2\/comments?post=249"}],"version-history":[{"count":0,"href":"https:\/\/csillagpor.hu\/remek\/fajlkiterjesztes\/wp-json\/wp\/v2\/posts\/249\/revisions"}],"wp:attachment":[{"href":"https:\/\/csillagpor.hu\/remek\/fajlkiterjesztes\/wp-json\/wp\/v2\/media?parent=249"}],"wp:term":[{"taxonomy":"category","embeddable":true,"href":"https:\/\/csillagpor.hu\/remek\/fajlkiterjesztes\/wp-json\/wp\/v2\/categories?post=249"},{"taxonomy":"post_tag","embeddable":true,"href":"https:\/\/csillagpor.hu\/remek\/fajlkiterjesztes\/wp-json\/wp\/v2\/tags?post=249"}],"curies":[{"name":"wp","href":"https:\/\/api.w.org\/{rel}","templated":true}]}}