{"id":6,"date":"2014-08-01T20:00:13","date_gmt":"2014-08-01T18:00:13","guid":{"rendered":"http:\/\/csillagpor.hu\/remek\/fajlkiterjesztes\/?p=6"},"modified":"2023-01-30T11:45:32","modified_gmt":"2023-01-30T10:45:32","slug":"jpeg","status":"publish","type":"post","link":"https:\/\/csillagpor.hu\/remek\/fajlkiterjesztes\/jpeg","title":{"rendered":"JPEG"},"content":{"rendered":"<p><strong>JPEG kiterjeszt\u00e9s, *.JPEG f\u00e1jl<\/strong><br \/>\nMi a JPEG kiterjeszt\u00e9s\u0171 f\u00e1jl, mire haszn\u00e1lhat\u00f3, milyen programmal nyithat\u00f3 meg, milyen szerkeszt\u0151, \u00e1talak\u00edt\u00f3 szoftver l\u00e9tezik a JPEG f\u00e1jlhoz?<\/p>\n<ul>\n<li>Jelent\u00e9s, funkci\u00f3: <em>Joint Photographic Experts Group, &#8220;F\u00e9nyk\u00e9p\u00e9sz szak\u00e9rt\u0151k egyes\u00fclt csoportja&#8221; \u00e1ltal l\u00e9trehozott t\u00f6m\u00f6r\u00edtett <a target=\"_blank\" title=\"k\u00e9pf\u00e1jl\" href=\"\/\/csillagpor.hu\/remek\/fajlkiterjesztes\/fajltipus\/kepfajl\" rel=\"noopener noreferrer\">k\u00e9pf\u00e1jl<\/a> szabv\u00e1ny.<\/em><\/li>\n<li>Oper\u00e1ci\u00f3s rendszer: <em>Windows, Mac, Linux, PSx, iOS, Android, stb.<\/em><\/li>\n<li>C\u00e9g, szervezet, alkot\u00f3: <em>JPEG committee<\/em><\/li>\n<li>Azonos\u00edt\u00f3 karakterek: <em>Hex: FF D8 FF<\/em><\/li>\n<\/ul>\n<p><img decoding=\"async\" loading=\"lazy\" alt=\"jpeg f\u00e1jl\" title=\"jpeg f\u00e1jl\" src=\"\/\/cuccokhalomban.csillagpor.hu\/pict\/jpeg_file.jpg\" width=\"128\" height=\"102\" class=\"flr\" \/>A <em>JPEG<\/em> f\u00e1jl vesztes\u00e9gesen t\u00f6m\u00f6r\u00edtett, 24 bites bitt\u00e9rk\u00e9p (pixelgrafikus) form\u00e1tum, <a target=\"_blank\" title=\"bmp\" href=\"\/\/csillagpor.hu\/remek\/fajlkiterjesztes\/bmp\" rel=\"noopener noreferrer\">bmp<\/a>, <a target=\"_blank\" title=\"tif\" href=\"\/\/csillagpor.hu\/remek\/fajlkiterjesztes\/tif\" rel=\"noopener noreferrer\">tiff<\/a>, stb. vesztes\u00e9gmentes f\u00e1jlok t\u00f6m\u00f6r\u00edt\u00e9s\u00e9b\u0151l hozhat\u00f3 l\u00e9tre (ez digit\u00e1lis f\u00e9nyk\u00e9pez\u0151g\u00e9peken, telefonokon, stb. csak \u00e1tmenetileg l\u00e9tezik, m\u00edg a t\u00f6m\u00f6r\u00edt\u0151 algoritmus l\u00e9tre nem hozza a JPEG f\u00e1jlt bel\u0151l\u00fck).<\/p>\n<p>Kiv\u00e1l\u00f3an alkalmazhat\u00f3 digit\u00e1lis f\u00e9nyk\u00e9p t\u00e1rol\u00e1s\u00e1ra \u00e9s weboldalakon k\u00e9pek megjelen\u00edt\u00e9s\u00e9re. A t\u00f6m\u00f6r\u00edt\u00e9si ar\u00e1ny n\u00f6vel\u00e9s\u00e9vel, szemmel l\u00e1that\u00f3 min\u0151s\u00e9groml\u00e1s k\u00f6vetkezik be.<\/p>\n<p>A <em>Joint Photographic Experts Group<\/em> bizotts\u00e1g 1992-re dolgozta ki a JPEG t\u00f6m\u00f6r\u00edt\u00e9si elj\u00e1r\u00e1st, mely 1994-ben v\u00e1lt <em>ISO 10918-1<\/em> szabv\u00e1nny\u00e1.<\/p>\n<p>A <a title=\"jpg\" href=\"\/\/csillagpor.hu\/remek\/fajlkiterjesztes\/jpg\">jpg<\/a> f\u00e1jl csak kiterjeszt\u00e9s\u00e9ben t\u00e9r el a jpeg-t\u0151l.<\/p>\n<p>Programok: <a target=\"_blank\" title=\"k\u00e9pszerkeszt\u0151 programok\" href=\"\/\/csillagpor.hu\/remek\/programok\/kepszerkeszto-programok\" rel=\"noopener noreferrer\">k\u00e9pszerkeszt\u0151k<\/a>, <a target=\"_blank\" title=\"k\u00e9pn\u00e9zeget\u0151k\" href=\"\/\/csillagpor.hu\/remek\/programok\/kepnezegeto-programok\" rel=\"noopener noreferrer\">k\u00e9pn\u00e9zeget\u0151 programok<\/a><\/p>\n<p>Kapcsol\u00f3d\u00f3 oldalak: <a target=\"_blank\" title=\"JPEG\" href=\"\/\/en.wikipedia.org\/wiki\/JPEG\" rel=\"noopener noreferrer\">wiki\/JPEG<\/a><\/p>\n","protected":false},"excerpt":{"rendered":"<p><a target=\"_blank\" title=\"jpeg\" href=\"\/\/csillagpor.hu\/remek\/fajlkiterjesztes\/jpeg\" rel=\"noopener noreferrer\"><img decoding=\"async\" loading=\"lazy\" alt=\"jpeg f\u00e1jl\" title=\"jpeg f\u00e1jl\" src=\"\/\/cuccokhalomban.csillagpor.hu\/pict\/jpeg_file.jpg\" width=\"128\" height=\"102\" class=\"fll\" \/><\/a>A jpeg k\u00e9pf\u00e1jl vesztes\u00e9gesen t\u00f6m\u00f6r\u00edtett, 24 bites bitt\u00e9rk\u00e9p form\u00e1tum, bmp, tiff, stb. vesztes\u00e9gmentes f\u00e1jlok t\u00f6m\u00f6r\u00edt\u00e9s\u00e9b\u0151l hozhat\u00f3 l\u00e9tre. Kiv\u00e1l\u00f3an alkalmazhat\u00f3 digit\u00e1lis f\u00e9nyk\u00e9p t\u00e1rol\u00e1s\u00e1ra \u00e9s weboldalakon k\u00e9pek megjelen\u00edt\u00e9s\u00e9re. A t\u00f6m\u00f6r\u00edt\u00e9si ar\u00e1ny n\u00f6vel\u00e9s\u00e9vel, szemmel l\u00e1that\u00f3 min\u0151s\u00e9groml\u00e1s k\u00f6vetkezik be.<\/p>\n","protected":false},"author":1,"featured_media":0,"comment_status":"open","ping_status":"closed","sticky":false,"template":"","format":"standard","meta":{"footnotes":""},"categories":[3],"tags":[],"_links":{"self":[{"href":"https:\/\/csillagpor.hu\/remek\/fajlkiterjesztes\/wp-json\/wp\/v2\/posts\/6"}],"collection":[{"href":"https:\/\/csillagpor.hu\/remek\/fajlkiterjesztes\/wp-json\/wp\/v2\/posts"}],"about":[{"href":"https:\/\/csillagpor.hu\/remek\/fajlkiterjesztes\/wp-json\/wp\/v2\/types\/post"}],"author":[{"embeddable":true,"href":"https:\/\/csillagpor.hu\/remek\/fajlkiterjesztes\/wp-json\/wp\/v2\/users\/1"}],"replies":[{"embeddable":true,"href":"https:\/\/csillagpor.hu\/remek\/fajlkiterjesztes\/wp-json\/wp\/v2\/comments?post=6"}],"version-history":[{"count":0,"href":"https:\/\/csillagpor.hu\/remek\/fajlkiterjesztes\/wp-json\/wp\/v2\/posts\/6\/revisions"}],"wp:attachment":[{"href":"https:\/\/csillagpor.hu\/remek\/fajlkiterjesztes\/wp-json\/wp\/v2\/media?parent=6"}],"wp:term":[{"taxonomy":"category","embeddable":true,"href":"https:\/\/csillagpor.hu\/remek\/fajlkiterjesztes\/wp-json\/wp\/v2\/categories?post=6"},{"taxonomy":"post_tag","embeddable":true,"href":"https:\/\/csillagpor.hu\/remek\/fajlkiterjesztes\/wp-json\/wp\/v2\/tags?post=6"}],"curies":[{"name":"wp","href":"https:\/\/api.w.org\/{rel}","templated":true}]}}