{"id":1057,"date":"2007-08-31T14:22:25","date_gmt":"2007-08-31T12:22:25","guid":{"rendered":"https:\/\/csillagpor.hu\/remek\/?p=1057"},"modified":"2023-01-28T16:55:39","modified_gmt":"2023-01-28T15:55:39","slug":"windows-xp","status":"publish","type":"post","link":"https:\/\/csillagpor.hu\/remek\/windows-xp","title":{"rendered":"Windows XP, m\u00e9g sok\u00e1ig!"},"content":{"rendered":"<p>Az elm\u00falt hetekben olvashattuk, hogy a Microsoftnak ki kell adnia a <em>Windows XP Pro SP2c<\/em>-t, mert elfogytak a term\u00e9kkulcsok, annyi p\u00e9ld\u00e1nyban kelt el eddig az XP.<\/p>\n<p>Az imm\u00e1r 6 \u00e9ves oper\u00e1ci\u00f3s rendszert, a Microsoft soha nem rem\u00e9lt p\u00e9ld\u00e1nysz\u00e1mban adta \u00e9s adja el m\u00e9g ma is, annak ellen\u00e9re, hogy megjelent a hatalmas \u00faj\u00edt\u00e1sokkal beharangozott \u00e9s hossz\u00fa id\u0151n kereszt\u00fcl v\u00e1rt <strong>Windows Vista<\/strong>.<\/p>\n<p>Err\u0151l m\u00e1ra kider\u00fclt, hogy legjobban akkor j\u00e1runk, ha hagyom\u00e1nyos kin\u00e9zetre v\u00e1ltunk, de akkor meg minek az eg\u00e9sz.<br \/>\nHa nem t\u00fal gyors a g\u00e9p\u00fcnk, akkor felejts\u00fck el, ha meg igen akkor ez az ami lelass\u00edtja.<\/p>\n<p>Az <strong>Aero<\/strong> felhaszn\u00e1l\u00f3i fel\u00fclet l\u00e1tv\u00e1ny\u00e1ba be van kalkul\u00e1lva, hogy minden lassabban m\u0171k\u00f6dik.<br \/>\nPersze az effektek miatt, de egy id\u0151 ut\u00e1n dolgozni is kell majd rajta, nem csak csod\u00e1lkozni a l\u00e1tv\u00e1nyon.<\/p>\n<p>A t\u00f6bbi \u00faj\u00edt\u00e1s szinte mindegyike el\u00e9rhet\u0151 XP-re is!<br \/>\nEzekre majd visszat\u00e9r\u00fcnk.<\/p>\n<p>Az XP 2009-ig mindenk\u00e9pp t\u00e1mogatva lesz, \u00e9s val\u00f3sz\u00edn\u0171leg csak j\u00f6v\u0151re jelenik meg az <strong>SP3 jav\u00edt\u00f3csomag<\/strong>ja, ezzel \u00e9s k\u00fcls\u0151 szoftverekkel haszn\u00e1lhat\u00f3 oper\u00e1ci\u00f3s rendszer lesz m\u00e9g igen sok\u00e1ig.<\/p>\n<p>Hogy ne m\u00e1st\u00f3l vett adatok szerepeljenek itt, a Csillagpor.hu statisztik\u00e1it \u00edrom le.<br \/>\nEzen oldal l\u00e1togat\u00f3inak 1,2%-a \u00e9rkezik jelenleg Windows Vista oper\u00e1ci\u00f3s rendszert futtat\u00f3 g\u00e9pr\u0151l, (ez megegyezik a Linux \u00e9s a Windows 98 adataival, de negyede a Windows 2000-nek) \u00e9s 90%-a Windows XP-r\u0151l.<\/p>\n<p>El\u0151sz\u00f6r is azt aj\u00e1nlom, hogy ezt a cikket senki ne olvassa el!<\/p>\n<p>Mindenki telep\u00edtsen <strong>Linux<\/strong>ot, ami m\u00e1r r\u00e9g <strong><a rel=\"nofollow noopener noreferrer\" title=\"en.wikipedia.org\/wiki\/XGL\" target=\"_blank\" href=\"\/\/en.wikipedia.org\/wiki\/XGL\">3D desktop<\/a><\/strong> tulajdonos!<br \/>\nAmelyik 3D-s fel\u00fclet nem hozza a vide\u00f3n l\u00e1tottakat, az minek?!<br \/>\nTerm\u00e9szetesen a felv\u00e9tel m\u00e1sodik fel\u00e9re gondoltam, az Ubuntun fut\u00f3 <strong>Beryl<\/strong>-re.<\/p>\n<p align=\"center\">\n<object width=\"425\" height=\"350\"><param name=\"movie\" value=\"\/\/www.youtube.com\/v\/xC5uEe5OzNQ\"><\/param><param name=\"wmode\" value=\"transparent\"><\/param><embed src=\"\/\/www.youtube.com\/v\/xC5uEe5OzNQ\" type=\"application\/x-shockwave-flash\" wmode=\"transparent\" width=\"425\" height=\"350\"><\/embed><\/object><\/p>\n<p>Mindenki telep\u00edtsen <a rel=\"nofollow noopener noreferrer\" title=\"debian.org\" target=\"_blank\" href=\"\/\/www.debian.org\/index.hu.html\"><strong>Debian<\/strong><\/a>-t, <a rel=\"nofollow noopener noreferrer\" title=\"mandriva.com\" target=\"_blank\" href=\"https:\/\/hu.wikipedia.org\/wiki\/Mandriva_Linux\"><strong>Mandriva<\/strong><\/a>-t, <strong><a rel=\"nofollow noopener noreferrer\" title=\"opensuse.org\" target=\"_blank\" href=\"\/\/www.opensuse.org\/\">OpenSuSe<\/a><\/strong>-t, <strong><a rel=\"nofollow noopener noreferrer\" title=\"ubuntu.hu\" target=\"_blank\" href=\"\/\/ubuntu.com\/\">Ubuntu<\/a><\/strong>-t vagy b\u00e1rmit!<\/p>\n<p>Ha valakit m\u00e9gsem siker\u00fclt meggy\u0151zni, akkor folytatom \u00e9s \u00fczenem annak a 90%-nak, maradjon ahol van, XP-n!<\/p>\n<p>Az elk\u00f6vetkezend\u0151kben le\u00edrtakhoz sok id\u0151 \u00e9s t\u00fcrelem sz\u00fcks\u00e9geltetik! E n\u00e9lk\u00fcl olyan mintha balt\u00e1val esn\u00e9nk neki szem\u00fcnk f\u00e9ny\u00e9nek.<br \/>\nSz\u00e1njunk r\u00e1 egy napot: <em>&#8211; ma XP-t takar\u00edtunk, felgyors\u00edtjuk, fel\u00faj\u00edtjuk az oper\u00e1ci\u00f3s rendszer\u00fcnket, t\u00e1rhelyet szabad\u00edtunk fel, biztons\u00e1gosabb\u00e1, haszn\u00e1lhat\u00f3bb\u00e1 tessz\u00fck.<\/em><br \/>\n\u00daj sz\u00e1m\u00edt\u00f3g\u00e9p\u00fcnk lesz, \u00e9s nem \u00faj hardver, szoftver beszerz\u00e9s\u00e9vel!<\/p>\n<p>N\u00e9zzen csak valaki ut\u00e1na mennyi egy Vista, mennyit kellene k\u00f6ltenie a g\u00e9p\u00e9re, hogy fusson (nem amin eld\u00f6c\u00f6g, hanem amin dolgozni is lehet, min. 3GHz-es processzor \u00e9s 2GB mem\u00f3ria), teh\u00e1t egy napi munk\u00e1val mennyit sp\u00f3rolunk?<\/p>\n<p>R\u00f6gt\u00f6n lesz\u00f6gezn\u00e9m: nem a mindent tud\u00f3 sz\u00e1m\u00edt\u00f3g\u00e9p guruknak sz\u00f3l a k\u00f6vetkez\u0151 le\u00edr\u00e1s!<br \/>\n\u0150k mindenben jobbak mint \u00e9n, \u0151k se olvass\u00e1k el, csak\u00fagy mint azok akik m\u00e1r most sem k\u00f6vetnek, mert Linuxot telep\u00edtenek \u00e9ppen!<\/p>\n<p>Ez azokhoz sz\u00f3l, akik:<br \/>\n&#8211; \u00e9rtenek valamelyest a sz\u00e1m\u00edt\u00f3g\u00e9p\u00fckh\u00f6z, mert sz\u00fcks\u00e9ges a munk\u00e1jukhoz<br \/>\n&#8211; XP-t haszn\u00e1lnak m\u00e1r r\u00e9gen<br \/>\n&#8211; fontos is nekik a sz\u00e1m\u00edt\u00f3g\u00e9p\u00fck, de nem csak ez a munk\u00e1juk, hanem komoly dolgokkal is foglalkoznak n\u00e9ha<br \/>\n&#8211; fontos nekik a p\u00e9nz is (megtakar\u00edt\u00e1s)<br \/>\n&#8211; szeretn\u00e9nek a megszokott k\u00f6rnyezetben dolgozni tov\u00e1bb, fennakad\u00e1s n\u00e9lk\u00fcl<\/p>\n<p>A napokban, hetekben itt megjelen\u0151 le\u00edr\u00e1sok nekik, \u00d6n\u00f6knek ny\u00fajtanak seg\u00edts\u00e9get.<\/p>\n<p>Kapcsol\u00f3d\u00f3 cikkek, oldalak:<br \/>\n<a title=\"Windows tippek\" href=\"\/\/csillagpor.hu\/remek\/cikk\/windows_tippek\">Windows tippek!<\/a><br \/>\n<a title=\"Windows XP, m\u00e9g sok\u00e1ig, els\u0151 r\u00e9sz\" href=\"\/\/csillagpor.hu\/remek\/windows-xp\">Windows XP, m\u00e9g sok\u00e1ig!<\/a>,<br \/>\n<a title=\"Windows XP, m\u00e1sodik r\u00e9sz, Ment\u00e9s\" href=\"\/\/csillagpor.hu\/remek\/windows-xp-mentes\">Windows XP, ment\u00e9s<\/a>,<br \/>\n<a title=\"Windows XP, harmadik r\u00e9sz, karbantart\u00e1s bels\u0151 programokkal\" href=\"\/\/csillagpor.hu\/remek\/windows-xp-takaritas\">Windows XP, bels\u0151 programok<\/a>,<br \/>\n<a title=\"Windows XP, negyedik r\u00e9sz, karbantart\u00e1s k\u00fcls\u0151 szoftverekkel\" href=\"\/\/csillagpor.hu\/remek\/windows-xp-optimalizalas-kulso-programokkal\">Windows XP, k\u00fcls\u0151 szoftverek<\/a>,<br \/>\n<a title=\"Windows XP, \u00f6t\u00f6dik r\u00e9sz, Internet Explorer 7, friss\u00edt\u00e9s, telep\u00edt\u00e9s, be\u00e1ll\u00edt\u00e1s\" href=\"\/\/csillagpor.hu\/remek\/frissites-telepites-beallitasok-ie7\">Windows XP, friss\u00edt\u00e9s, telep\u00edt\u00e9s, be\u00e1ll\u00edt\u00e1sok I.<\/a>,<br \/>\n<a title=\"Windows XP, hatodik r\u00e9sz, Msconfig, Vez\u00e9rl\u0151pult, Szolg\u00e1ltat\u00e1sok, be\u00e1ll\u00edt\u00e1s\" href=\"\/\/csillagpor.hu\/remek\/windows-xp-beallitasok\">Windows XP be\u00e1ll\u00edt\u00e1sok II., Msconfig, Vez\u00e9rl\u0151pult<\/a>,<br \/>\n<a title=\"Windows XP, hetedik r\u00e9sz, Szolg\u00e1ltat\u00e1sok le\u00e1ll\u00edt\u00e1sa, letilt\u00e1sa, ind\u00edt\u00e1sa, be\u00e1ll\u00edt\u00e1s\" href=\"\/\/csillagpor.hu\/remek\/windows-szolgaltatasok-leallitasa\">Windows XP be\u00e1ll\u00edt\u00e1sok III., Szolg\u00e1ltat\u00e1sok<\/a>,<br \/>\n<a title=\"Windows XP, nyolcadik, befejez\u0151 r\u00e9sz\" href=\"\/\/csillagpor.hu\/remek\/windows-xp-befejezes\">Windows XP, Befejez\u00e9s<\/a><\/p>\n<p><a title=\"Informatikai h\u00edrek, cikkek\" href=\"\/\/csillagpor.hu\">Csillagpor.hu<\/a><br \/>\n2007.08.31.<\/p>\n","protected":false},"excerpt":{"rendered":"<p>Windows XP &#8230; Az elm\u00falt hetekben olvashattuk, hogy a Microsoftnak ki kell adnia a Windows XP Pro SP2c-t, mert elfogytak a term\u00e9kkulcsok, annyi p\u00e9ld\u00e1nyban kelt el eddig az XP. Az imm\u00e1r 6 \u00e9ves oper\u00e1ci\u00f3s rendszert, a Microsoft soha nem rem\u00e9lt p\u00e9ld\u00e1nysz\u00e1mban adta \u00e9s adja el m\u00e9g ma is, annak ellen\u00e9re, hogy megjelent a hatalmas \u00faj\u00edt\u00e1sokkal beharangozott \u00e9s hossz\u00fa id\u0151n kereszt\u00fcl v\u00e1rt Windows Vista&#8230;<\/p>\n","protected":false},"author":1,"featured_media":0,"comment_status":"open","ping_status":"closed","sticky":false,"template":"","format":"standard","meta":{"footnotes":""},"categories":[11,41],"tags":[],"_links":{"self":[{"href":"https:\/\/csillagpor.hu\/remek\/wp-json\/wp\/v2\/posts\/1057"}],"collection":[{"href":"https:\/\/csillagpor.hu\/remek\/wp-json\/wp\/v2\/posts"}],"about":[{"href":"https:\/\/csillagpor.hu\/remek\/wp-json\/wp\/v2\/types\/post"}],"author":[{"embeddable":true,"href":"https:\/\/csillagpor.hu\/remek\/wp-json\/wp\/v2\/users\/1"}],"replies":[{"embeddable":true,"href":"https:\/\/csillagpor.hu\/remek\/wp-json\/wp\/v2\/comments?post=1057"}],"version-history":[{"count":0,"href":"https:\/\/csillagpor.hu\/remek\/wp-json\/wp\/v2\/posts\/1057\/revisions"}],"wp:attachment":[{"href":"https:\/\/csillagpor.hu\/remek\/wp-json\/wp\/v2\/media?parent=1057"}],"wp:term":[{"taxonomy":"category","embeddable":true,"href":"https:\/\/csillagpor.hu\/remek\/wp-json\/wp\/v2\/categories?post=1057"},{"taxonomy":"post_tag","embeddable":true,"href":"https:\/\/csillagpor.hu\/remek\/wp-json\/wp\/v2\/tags?post=1057"}],"curies":[{"name":"wp","href":"https:\/\/api.w.org\/{rel}","templated":true}]}}