{"id":1346,"date":"2016-06-08T11:52:37","date_gmt":"2016-06-08T09:52:37","guid":{"rendered":"https:\/\/csillagpor.hu\/remek\/?p=1346"},"modified":"2023-01-27T16:10:21","modified_gmt":"2023-01-27T15:10:21","slug":"nem-mukodik-windows-10-en-az-aruhaz","status":"publish","type":"post","link":"https:\/\/csillagpor.hu\/remek\/nem-mukodik-windows-10-en-az-aruhaz","title":{"rendered":"Nem m\u0171k\u00f6dik Windows 10-en az \u00c1ruh\u00e1z!"},"content":{"rendered":"<p>Nem m\u0171k\u00f6dik Windows 10-en az \u00c1ruh\u00e1z! Sz\u00f3lt a k\u00e9rd\u00e9s vagy ink\u00e1bb felki\u00e1lt\u00e1s &#8230; Nem megoldhatatlan probl\u00e9ma ez sem.<br \/>\nAz adott esetben \u00fagy n\u00e9zett ki a dolog, hogy nem lehetett semmit sem telep\u00edteni az \u00c1ruh\u00e1zb\u00f3l, a m\u00e1r telep\u00edtett alkalmaz\u00e1sokat pedig nem lehetett friss\u00edteni, volt olyan ami el\u0151telep\u00edtett volt, de nem lehetett elind\u00edtani, \u00e9s olyan is volt amit meg elt\u00e1vol\u00edtani nem lehetett, pedig a felhaszn\u00e1l\u00f3 telep\u00edtette, nem a Windowszal j\u00f6tt (Netflix App).<\/p>\n<p>El\u0151sz\u00f6r a <em>Windows \u00c1ruh\u00e1zhoz tartoz\u00f3 gyors\u00edt\u00f3t\u00e1r \u00fcr\u00edt\u00e9s\u00e9t<\/em> aj\u00e1nlottam, ami \u00fagy m\u0171k\u00f6dik, hogy a <em>Win+R<\/em> billenty\u0171kombin\u00e1ci\u00f3val el\u0151pattintjuk a <em>Futtat\u00e1s<\/em> ablakocsk\u00e1t, ahov\u00e1 be\u00edrjuk a <strong>wsreset<\/strong> parancsot \u00e9s Entert \u00fct\u00fcnk.<br \/>\nCsak annyi a dolgunk, hogy megv\u00e1rjuk m\u00edg egy id\u0151 ut\u00e1n mag\u00e1t\u00f3l megny\u00edlik az \u00c1ruh\u00e1z imm\u00e1r \u00fcr\u00edtett gyors\u00edt\u00f3t\u00e1rral.<\/p>\n<p>Ez nem j\u00f6tt be ebben az esetben&#8230;<\/p>\n<p>A k\u00f6vetkez\u0151 v\u00e1ltozat a <em>licenc cache<\/em> \u00fcr\u00edt\u00e9se volt. Ez \u00fagy m\u0171k\u00f6dik, hogy jobb gombbal a Start men\u00fcre kattintva a men\u00fcb\u0151l elind\u00edtjuk a <em>Windows PowerShell<\/em>t vagy a <em>Parancssor<\/em>t rendszergazdai jogokkal, majd be\u00edrjuk hogy <strong>net stop clipsvc<\/strong> \u00e9s Enter, ha ez lefutott, akkor j\u00f6n a bekapcsol\u00e1s <strong>net start clipsvc<\/strong>.<\/p>\n<p><img decoding=\"async\" loading=\"lazy\" alt=\"net stop clipsvc\" title=\"net start clipsvc\" src=\"\/\/cuccokhalomban.csillagpor.hu\/pict\/net-stop-clipsvc.jpg\" width=\"695\" height=\"278\" \/><br \/>\nEz sem siker\u00fclt &#8230;<\/p>\n<p>Akkor szint\u00e9n a fenti Microsoftos oldalon tal\u00e1lhat\u00f3 a <em>&#8220;alkalmaz\u00e1sokkal kapcsolatos hibaelh\u00e1r\u00edt\u00f3&#8221;<\/em> link, ez a <strong>AppsDiagnostic.diagcab<\/strong> f\u00e1jlt t\u00f6lti le, majd ind\u00edtja el automatikusan. Ha m\u00e9gsem, akkor nek\u00fcnk kell &#8230;<br \/>\nItt l\u00e1thatjuk, hogy ez most <em>&#8220;A Windows \u00c1ruh\u00e1zbeli alkalmaz\u00e1sok j\u00f3 m\u0171k\u00f6d\u00e9s\u00e9t akad\u00e1lyoz\u00f3 probl\u00e9m\u00e1k elh\u00e1r\u00edt\u00e1s\u00e1n&#8221;<\/em> fog dolgozni. Itt van egy halad\u00f3 be\u00e1ll\u00edt\u00e1s is, ott a jav\u00edt\u00e1sok automatikus alkalmaz\u00e1s\u00e1t tudjuk ki-be kapcsolni.<br \/>\nTeh\u00e1t tov\u00e1bb &#8230; \u00e9szleli a probl\u00e9m\u00e1kat, majd kider\u00fcl, hogy van egy \u00fajabb v\u00e1ltozata is a <em>Windows 10 Apps hibaelh\u00e1r\u00edt\u00f3<\/em>, itt most ennek a futtat\u00e1s\u00e1ra kell kattintani, lefutott, nincs hiba, majd a tov\u00e1bbra kattintottam megint, itt m\u00e1r volt hiba, de nem \u00e1rulta el mi az, \u00e9s azt is \u00edrta, hogy nem tudja elh\u00e1r\u00edtani &#8230;. \u00b8\u02dd\u00b4U\u02d9`\u02db\u00b0\u00c1\u02d8^\u02c7\u00b8 <\/p>\n<p><img decoding=\"async\" loading=\"lazy\" alt=\"Windows \u00c1ruh\u00e1zbeli alkalmaz\u00e1sok\" title=\"Windows \u00c1ruh\u00e1zbeli alkalmaz\u00e1sok\" src=\"\/\/cuccokhalomban.csillagpor.hu\/pict\/windows-aruhazbeli-alkalmazasok.jpg\" width=\"571\" height=\"440\" \/><\/p>\n<p>No akkor ez sem siker\u00fclt&#8230;<\/p>\n<p>\u00c9s ekkor der\u00fclt ki egy k\u00f6vetkez\u0151 mailben, hogy volt hiba\u00fczenet is! Ez pedig a <em>0x800706d9<\/em>-es telep\u00edt\u00e9si hiba.<br \/>\nTeh\u00e1t <del>mint olvashatjuk<\/del>: <strong>Be kell kapcsolnia a Windows t\u0171zfalat!<\/strong> \u00c9s l\u00e1ss csod\u00e1t minden fut!<br \/>\nItt der\u00fclt ki, hogy a Windows 10 friss\u00edt\u00e9seivel is probl\u00e9ma volt, \u00e9s var\u00e1zs\u00fct\u00e9sre az is megjavult!<br \/>\nTeh\u00e1t tess\u00e9k bekapcsolni azt a t\u0171zfalat, illetve alap\u00e9rtelmez\u00e9sben be van kapcsolva, nem kell kikapcsolni vagy m\u00e1s v\u00e9delmi szoftvereknek engedni, hogy kikapcsolja! A Vez\u00e9rl\u0151pultb\u00f3l el\u00e9rj\u00fck a be\u00e1ll\u00edt\u00e1sait (Aj\u00e1nlott be\u00e1ll\u00edt\u00e1sok gomb), ha esetleg a <em>Szolg\u00e1ltat\u00e1sok<\/em>ban lett letiltva, akkor kapcsoljuk sz\u00e9pen vissza, \u00e1ll\u00edtsuk automatikusra, nem b\u00e1nt az.<\/p>\n<p><img decoding=\"async\" loading=\"lazy\" alt=\"Windows t\u0171zfal bekapcsol\u00e1s\" title=\"Windows t\u0171zfal bekapcsol\u00e1s\" src=\"\/\/cuccokhalomban.csillagpor.hu\/pict\/windows-tuzfal-bekapcsolas.jpg\" width=\"872\" height=\"334\" \/><\/p>\n<p>\u00c9s ha m\u00e1r itt tartunk, akkor egy r\u00e9gebbi k\u00e9rd\u00e9st is megeml\u00edtek, ez pedig a Firefoxszal volt kapcsolatos. A l\u00e9nyeg, hogy igen lassan indult a b\u00f6ng\u00e9sz\u0151 \u00e9s egy\u00e9b gondok is voltak vele. Hosszas e-mail v\u00e1lt\u00e1sok ut\u00e1n itt arra jutottunk, hogy \u00e1t kellene engedni a t\u0171zfalon a Firefoxot, akkor has\u00edtana! Teh\u00e1t <em>Alkalmaz\u00e1s vagy szolg\u00e1ltat\u00e1s \u00e1tenged\u00e9se a Windows t\u0171zfalon<\/em> link, \u00e9s ott <em>Be\u00e1ll\u00edt\u00e1sok m\u00f3dos\u00edt\u00e1sa<\/em>, majd <em>m\u00e1sik alkalmaz\u00e1s enged\u00e9lyez\u00e9se<\/em>, \u00e9s ott a Tall\u00f3z\u00e1sn\u00e1l a <em>c:\\Program Files\\Mozilla Firefox\\firefox.exe<\/em> \u00fatvonalon t\u00f6bbnyire &#8230; sz\u00f3val ott van.<\/p>\n<p>Akkor minden j\u00f3t! J\u00f3 \u00c1ruh\u00e1zaz\u00e1st Windows 10-en, \u00e9s ha valakinek mindezek ellen\u00e9re nem m\u0171k\u00f6dne, k\u00e9rem \u00edrja meg, mert \u00e9rdekel! Kider\u00edtj\u00fck mi a gond!<\/p>\n<p>Kapcsol\u00f3d\u00f3:<br \/>\n<a target=\"_blank\" title=\"Nem tudok bel\u00e9pni Windows 10-be\" href=\"\/\/csillagpor.hu\/remek\/nem-tudok-belepni-windows10-be\" rel=\"noopener\">Nem tudok bel\u00e9pni Windows 10-be!<\/a><br \/>\n<a target=\"_blank\" title=\"Windows 10 let\u00f6lt\u00e9s\" href=\"\/\/csillagpor.hu\/remek\/windows-10-8-7-ms-office-letoltese\" rel=\"noopener\">Windows 10 let\u00f6lt\u00e9s<\/a><br \/>\n<a target=\"_blank\" title=\"Hogy tilthatom le a Windows 10 bejelentkez\u0151 jelsz\u00f3t\" href=\"https:\/\/csillagpor.hu\/remek\/hogy-tilthatom-le-a-windows-10-bejelentkezo-jelszo-kerest\" rel=\"noopener\">Hogy tilthatom le a Windows 10 bejelentkez\u0151 jelsz\u00f3t<\/a><\/p>\n<p>Friss\u00edt\u00e9s:<br \/>\nM\u00e1r itt is egy hasznos kieg\u00e9sz\u00edt\u00e9s egy Facebook hozz\u00e1sz\u00f3l\u00e1sb\u00f3l: <a target=\"_blank\" title=\"answers.microsoft.com\/hu-hu\/windows\/forum\/windows_10-windows_store\/nem-m%C5%B1k%C3%B6dnek-a-csemp%C3%A9k-windows-10\/48cf4ed2-c8ae-4512-848e-cb20576f87b9\" href=\"\/\/answers.microsoft.com\/hu-hu\/windows\/forum\/windows_10-windows_store\/nem-m%C5%B1k%C3%B6dnek-a-csemp%C3%A9k-windows-10\/48cf4ed2-c8ae-4512-848e-cb20576f87b9\" rel=\"noopener noreferrer\">Nem m\u0171k\u00f6dnek a csemp\u00e9k Windows 10-ben<\/a>, k\u00f6sz\u00f6n\u00f6m.<\/p>\n","protected":false},"excerpt":{"rendered":"<p>Nem m\u0171k\u00f6dik Windows 10-en az \u00c1ruh\u00e1z! Sz\u00f3lt a k\u00e9rd\u00e9s vagy ink\u00e1bb felki\u00e1lt\u00e1s &#8230; Nem megoldhatatlan probl\u00e9ma&#8230;<\/p>\n","protected":false},"author":1,"featured_media":1347,"comment_status":"open","ping_status":"closed","sticky":false,"template":"","format":"standard","meta":{"footnotes":""},"categories":[122,8,38,10],"tags":[],"_links":{"self":[{"href":"https:\/\/csillagpor.hu\/remek\/wp-json\/wp\/v2\/posts\/1346"}],"collection":[{"href":"https:\/\/csillagpor.hu\/remek\/wp-json\/wp\/v2\/posts"}],"about":[{"href":"https:\/\/csillagpor.hu\/remek\/wp-json\/wp\/v2\/types\/post"}],"author":[{"embeddable":true,"href":"https:\/\/csillagpor.hu\/remek\/wp-json\/wp\/v2\/users\/1"}],"replies":[{"embeddable":true,"href":"https:\/\/csillagpor.hu\/remek\/wp-json\/wp\/v2\/comments?post=1346"}],"version-history":[{"count":0,"href":"https:\/\/csillagpor.hu\/remek\/wp-json\/wp\/v2\/posts\/1346\/revisions"}],"wp:featuredmedia":[{"embeddable":true,"href":"https:\/\/csillagpor.hu\/remek\/wp-json\/wp\/v2\/media\/1347"}],"wp:attachment":[{"href":"https:\/\/csillagpor.hu\/remek\/wp-json\/wp\/v2\/media?parent=1346"}],"wp:term":[{"taxonomy":"category","embeddable":true,"href":"https:\/\/csillagpor.hu\/remek\/wp-json\/wp\/v2\/categories?post=1346"},{"taxonomy":"post_tag","embeddable":true,"href":"https:\/\/csillagpor.hu\/remek\/wp-json\/wp\/v2\/tags?post=1346"}],"curies":[{"name":"wp","href":"https:\/\/api.w.org\/{rel}","templated":true}]}}