{"id":1439,"date":"2012-10-08T14:46:09","date_gmt":"2012-10-08T12:46:09","guid":{"rendered":"https:\/\/csillagpor.hu\/remek\/?p=1439"},"modified":"2023-01-27T16:54:45","modified_gmt":"2023-01-27T15:54:45","slug":"2-xp-egy-gepen","status":"publish","type":"post","link":"https:\/\/csillagpor.hu\/remek\/2-xp-egy-gepen","title":{"rendered":"2 XP egy g\u00e9pen"},"content":{"rendered":"<p>Ez gondolom k\u00e9t Windows XP feltelep\u00edt\u00e9s\u00e9t jelenti egy sz\u00e1m\u00edt\u00f3g\u00e9pre. Ebben semmi k\u00fcl\u00f6n\u00f6sebb neh\u00e9zs\u00e9g nincs.<br \/>\nA menete k\u00f6r\u00fclbel\u00fcl ez, gyorsan le\u00edrva: Ha egy \u00fcres vagy t\u00f6r\u00f6lhet\u0151 merevlemezzel rendelkez\u0151 g\u00e9p\u00fcnk van, akkor betessz\u00fck a <em>Windows XP telep\u00edt\u0151lemezt<\/em>, be\u00e1ll\u00edtjuk, hogy a CD-r\u0151l bootoljon a g\u00e9p, \u00edgy lassan bet\u00f6lt\u0151dik az alap telep\u00edt\u0151 rendszer, amelynek egyik els\u0151 l\u00e9p\u00e9sek\u00e9nt elindul a merevlemez particion\u00e1l\u00f3 alkalmaz\u00e1s.<\/p>\n<p>Itt l\u00e9trehozunk egy-egy <em>minimum 10 GB-os part\u00edci\u00f3t<\/em>, majd az egyiket kiv\u00e1lasztva elind\u00edthatjuk a telep\u00edt\u00e9st. A telep\u00edt\u00e9si folyamat v\u00e9gbemegy, semmit nem kell m\u00e1sk\u00e9pp csin\u00e1lni ahhoz k\u00e9pest, mintha csak 1 XP-t szeretn\u00e9nk.<\/p>\n<p>Ha k\u00e9sz az egyik Windows, akkor ism\u00e9t egy rendszerind\u00edt\u00e1s a telep\u00edt\u0151 CD-r\u0151l, ugyan\u00fagy eljutunk a particion\u00e1l\u00f3 programhoz, ahol most a m\u00e1sik part\u00edci\u00f3t v\u00e1lasztjuk ki, \u00e9s sim\u00e1n v\u00e9gigcsin\u00e1ljuk a m\u00e1sik telep\u00edt\u00e9st is. Ha minden j\u00f3l megy, akkor <em>m\u00e1r van is k\u00e9t Windows XP-nk egy ind\u00edt\u00f3men\u00fcvel a rendszerind\u00edt\u00e1s legelej\u00e9n, ahonnan kiv\u00e1laszthatjuk melyiket ind\u00edtjuk<\/em>.<\/p>\n<p>Ha ezt a men\u00fct \u00e1t szeretn\u00e9nk \u00e1ll\u00edtani, akkor az alap\u00e9rtelmezett (ami v\u00e9lhet\u0151leg az ut\u00f3lag telep\u00edtett) Windows XP-ben a <em>Vez\u00e9rl\u0151pult &#8211; Rendszer &#8211; Speci\u00e1lis f\u00fcl &#8211; Ind\u00edt\u00e1s \u00e9s helyre\u00e1ll\u00edt\u00e1s r\u00e9szn\u00e9l a Be\u00e1ll\u00edt\u00e1sok gomb<\/em> \u00fatvonalon \u00e1t\u00e1ll\u00edthatjuk az <em>alap\u00e9rtelmezett oper\u00e1ci\u00f3s rendszert<\/em>, \u00e1t\u00e1ll\u00edthatjuk a <em>rendszerek list\u00e1j\u00e1nak megjelen\u00edt\u00e9si idej\u00e9t<\/em>, \u00e9s ha a f\u00e1jlt a <em>Szerkeszt\u00e9s<\/em> gombra kattintva \u00e1t\u00edrjuk, akkor a men\u00fcelemek nev\u00e9t is megv\u00e1ltoztathatjuk.<\/p>\n<p><em>Itt vigy\u00e1zzunk, hogy csak azt \u00edrjuk \u00e1t, amir\u0151l tudjuk, hogy mi!<\/em> Az ind\u00edtand\u00f3 XP-nk nev\u00e9t az id\u00e9z\u0151jelek k\u00f6z\u00f6tt tal\u00e1lhat\u00f3 r\u00e9szn\u00e9l v\u00e1ltoztathatjuk meg, ott pl. ilyenek vannak: <em>&#8220;Microsoft Windows XP Professional &#8211; magyar&#8221;<\/em>.<\/p>\n<p>Sok m\u00e1s m\u00f3dja is lehet a k\u00e9t Windows XP feltelep\u00edt\u00e9s\u00e9nek egy g\u00e9pre, ez f\u00fcgghet a merevlemezen l\u00e9v\u0151 nem t\u00f6rlend\u0151 adatokon kereszt\u00fcl a m\u00e9g plusz 1-2-3 oper\u00e1ci\u00f3s rendszerig sok mindent\u0151l. Ez csak az egyik, tal\u00e1n legegyszer\u0171bb \u00fat.<\/p>\n<p>Sok sikert!<\/p>\n<p>Kapcsol\u00f3d\u00f3: <a title=\"meddig haszn\u00e1lhat\u00f3 a windows xp\" href=\"\/\/csillagpor.hu\/remek\/meddig-hasznalhato-a-windows-xp\">Meddig haszn\u00e1lhat\u00f3 a Windows XP?<\/a><\/p>\n","protected":false},"excerpt":{"rendered":"<p>Ez gondolom k\u00e9t Windows XP feltelep\u00edt\u00e9s\u00e9t jelenti egy sz\u00e1m\u00edt\u00f3g\u00e9pre. Ebben semmi k\u00fcl\u00f6n\u00f6sebb neh\u00e9zs\u00e9g nincs&#8230;<\/p>\n","protected":false},"author":1,"featured_media":1440,"comment_status":"open","ping_status":"closed","sticky":false,"template":"","format":"standard","meta":{"footnotes":""},"categories":[41,10,11],"tags":[],"_links":{"self":[{"href":"https:\/\/csillagpor.hu\/remek\/wp-json\/wp\/v2\/posts\/1439"}],"collection":[{"href":"https:\/\/csillagpor.hu\/remek\/wp-json\/wp\/v2\/posts"}],"about":[{"href":"https:\/\/csillagpor.hu\/remek\/wp-json\/wp\/v2\/types\/post"}],"author":[{"embeddable":true,"href":"https:\/\/csillagpor.hu\/remek\/wp-json\/wp\/v2\/users\/1"}],"replies":[{"embeddable":true,"href":"https:\/\/csillagpor.hu\/remek\/wp-json\/wp\/v2\/comments?post=1439"}],"version-history":[{"count":0,"href":"https:\/\/csillagpor.hu\/remek\/wp-json\/wp\/v2\/posts\/1439\/revisions"}],"wp:featuredmedia":[{"embeddable":true,"href":"https:\/\/csillagpor.hu\/remek\/wp-json\/wp\/v2\/media\/1440"}],"wp:attachment":[{"href":"https:\/\/csillagpor.hu\/remek\/wp-json\/wp\/v2\/media?parent=1439"}],"wp:term":[{"taxonomy":"category","embeddable":true,"href":"https:\/\/csillagpor.hu\/remek\/wp-json\/wp\/v2\/categories?post=1439"},{"taxonomy":"post_tag","embeddable":true,"href":"https:\/\/csillagpor.hu\/remek\/wp-json\/wp\/v2\/tags?post=1439"}],"curies":[{"name":"wp","href":"https:\/\/api.w.org\/{rel}","templated":true}]}}